{"id":2250,"date":"2024-02-05T10:30:15","date_gmt":"2024-02-05T09:30:15","guid":{"rendered":"https:\/\/www.mbc.pl\/?p=2250"},"modified":"2024-02-05T10:37:30","modified_gmt":"2024-02-05T09:37:30","slug":"szkolenie-hr-2023","status":"publish","type":"post","link":"https:\/\/www.mbc.pl\/index.php\/szkolenie-hr-2023\/","title":{"rendered":"Szkolenie HR 2023"},"content":{"rendered":"<p>W 2023 roku nasi pracownicy uko\u0144czyli w okresie stycze\u0144- czerwiec 2023 szkolenie w zakresie zagadnie\u0144 HR oraz wsp\u00f3\u0142pracy z klientem. G\u0142\u00f3wnymi tematami omawianymi z naszym doradc\u0105 biznesowym Konradem Bajgerem by\u0142y w\u00f3wczas:<\/p>\n<p>\u2022 Zagadnienia rozwoju HR, system\u00f3w motywacji i oceny pracy w po\u0142\u0105czeniu z realizacj\u0105 strategii rozwoju;<br \/>\n\u2022 Zarz\u0105dzanie prac\u0105 w czasie w bran\u017cy us\u0142ugowej;<br \/>\n\u2022 Trudne zachowania klienta w bran\u017cy us\u0142ugowej;<br \/>\n\u2022 Negocjacje w bran\u017cy us\u0142ugowej.<\/p>\n<p>Dzi\u0119ki wiedzy pozyskanej z tych szkole\u0144 nasi pracownicy szybko oraz sprawnie komunikuj\u0105 si\u0119 i negocjuj\u0105 z klientem w bran\u017cy, reaguj\u0105 na jego trudne zachowania, potrafi\u0105 lepiej zarz\u0105dza\u0107 swoj\u0105 prac\u0105. Poszerzyli r\u00f3wnie\u017c wiedz\u0119 na temat swojego rozwoju zawodowego i motywacji. Certyfikat z tego szkolenia mo\u017cna zobaczy\u0107 <a href=\"https:\/\/www.mbc.pl\/wp-content\/uploads\/2018\/09\/Certyfikat-06.2023.pdf\">Tutaj<\/a>.<br \/>\nJako firma korzystaj\u0105ca i szkol\u0105ca swoich pracownik\u00f3w polecamy korzysta\u0107 z profesjonalnych firm doradczych, aby podnosi\u0107 kwalifikacje i wiedz\u0119 swoich pracownik\u00f3w. Kolejne szkolenia ju\u017c niebawem.<\/p>\n<p align=\"justify\">05.02.2024 r.<\/p>\n","protected":false},"excerpt":{"rendered":"<p>W 2023 roku nasi pracownicy uko\u0144czyli w okresie stycze\u0144- czerwiec 2023 szkolenie w zakresie zagadnie\u0144 HR oraz wsp\u00f3\u0142pracy z klientem. G\u0142\u00f3wnymi tematami omawianymi z naszym doradc\u0105 biznesowym Konradem Bajgerem by\u0142y &#8230;<\/p>\n","protected":false},"author":5,"featured_media":0,"comment_status":"closed","ping_status":"closed","sticky":false,"template":"","format":"standard","meta":{"footnotes":""},"categories":[7],"tags":[],"_links":{"self":[{"href":"https:\/\/www.mbc.pl\/index.php\/wp-json\/wp\/v2\/posts\/2250"}],"collection":[{"href":"https:\/\/www.mbc.pl\/index.php\/wp-json\/wp\/v2\/posts"}],"about":[{"href":"https:\/\/www.mbc.pl\/index.php\/wp-json\/wp\/v2\/types\/post"}],"author":[{"embeddable":true,"href":"https:\/\/www.mbc.pl\/index.php\/wp-json\/wp\/v2\/users\/5"}],"replies":[{"embeddable":true,"href":"https:\/\/www.mbc.pl\/index.php\/wp-json\/wp\/v2\/comments?post=2250"}],"version-history":[{"count":4,"href":"https:\/\/www.mbc.pl\/index.php\/wp-json\/wp\/v2\/posts\/2250\/revisions"}],"predecessor-version":[{"id":2255,"href":"https:\/\/www.mbc.pl\/index.php\/wp-json\/wp\/v2\/posts\/2250\/revisions\/2255"}],"wp:attachment":[{"href":"https:\/\/www.mbc.pl\/index.php\/wp-json\/wp\/v2\/media?parent=2250"}],"wp:term":[{"taxonomy":"category","embeddable":true,"href":"https:\/\/www.mbc.pl\/index.php\/wp-json\/wp\/v2\/categories?post=2250"},{"taxonomy":"post_tag","embeddable":true,"href":"https:\/\/www.mbc.pl\/index.php\/wp-json\/wp\/v2\/tags?post=2250"}],"curies":[{"name":"wp","href":"https:\/\/api.w.org\/{rel}","templated":true}]}}